{"id":1573,"date":"2022-03-04T13:41:21","date_gmt":"2022-03-04T13:41:21","guid":{"rendered":"http:\/\/peterszabina.com\/?p=1573"},"modified":"2022-03-07T21:01:30","modified_gmt":"2022-03-07T21:01:30","slug":"aquarium","status":"publish","type":"post","link":"https:\/\/peterszabina.com\/hu\/aquarium\/","title":{"rendered":"Akv\u00e1rium"},"content":{"rendered":"\n<p><strong>Freund \u00c9va \u2013 P\u00e9ter Szabina:&nbsp;AKV\u00c1RIUM<\/strong><\/p>\n\n\n\n<p>2021, K.A.S. Gal\u00e9ria, helyspecifikus multimedi\u00e1lis install\u00e1ci\u00f3<\/p>\n\n\n\n<figure class=\"wp-block-embed-vimeo wp-block-embed is-type-video is-provider-vimeo wp-embed-aspect-16-9 wp-has-aspect-ratio\"><div class=\"wp-block-embed__wrapper\">\n<div class=\"jetpack-video-wrapper\"><iframe loading=\"lazy\" title=\"Akv&amp;aacute;rium \/ Aquarium I.\" src=\"https:\/\/player.vimeo.com\/video\/684598018?h=6e4a4179b2&amp;dnt=1&amp;app_id=122963\" width=\"900\" height=\"506\" frameborder=\"0\" allow=\"autoplay; fullscreen; picture-in-picture\" allowfullscreen><\/iframe><\/div>\n<\/div><\/figure>\n\n\n\n<figure class=\"wp-block-embed-vimeo wp-block-embed is-type-video is-provider-vimeo wp-embed-aspect-16-9 wp-has-aspect-ratio\"><div class=\"wp-block-embed__wrapper\">\n<div class=\"jetpack-video-wrapper\"><iframe loading=\"lazy\" title=\"Akv&amp;aacute;rium \/Aquarium II.\" src=\"https:\/\/player.vimeo.com\/video\/684606822?h=3e7fbe94c7&amp;dnt=1&amp;app_id=122963\" width=\"900\" height=\"506\" frameborder=\"0\" allow=\"autoplay; fullscreen; picture-in-picture\" allowfullscreen><\/iframe><\/div>\n<\/div><\/figure>\n\n\n\n<figure class=\"wp-block-embed-vimeo wp-block-embed is-type-video is-provider-vimeo wp-embed-aspect-16-9 wp-has-aspect-ratio\"><div class=\"wp-block-embed__wrapper\">\n<div class=\"jetpack-video-wrapper\"><iframe loading=\"lazy\" title=\"Akv&amp;aacute;rium \/ Aquarium III.\" src=\"https:\/\/player.vimeo.com\/video\/684608748?h=c571d66c94&amp;dnt=1&amp;app_id=122963\" width=\"900\" height=\"506\" frameborder=\"0\" allow=\"autoplay; fullscreen; picture-in-picture\" allowfullscreen><\/iframe><\/div>\n<\/div><\/figure>\n\n\n\n<figure class=\"wp-block-embed-vimeo wp-block-embed is-type-video is-provider-vimeo wp-embed-aspect-16-9 wp-has-aspect-ratio\"><div class=\"wp-block-embed__wrapper\">\n<div class=\"jetpack-video-wrapper\"><iframe loading=\"lazy\" title=\"Akv&amp;aacute;rium \/ Aquarium IV.\" src=\"https:\/\/player.vimeo.com\/video\/684608930?h=9af208fec4&amp;dnt=1&amp;app_id=122963\" width=\"900\" height=\"506\" frameborder=\"0\" allow=\"autoplay; fullscreen; picture-in-picture\" allowfullscreen><\/iframe><\/div>\n<\/div><\/figure>\n\n\n\n<figure class=\"wp-block-embed-vimeo wp-block-embed is-type-video is-provider-vimeo wp-embed-aspect-16-9 wp-has-aspect-ratio\"><div class=\"wp-block-embed__wrapper\">\n<div class=\"jetpack-video-wrapper\"><iframe loading=\"lazy\" title=\"akv_1\" src=\"https:\/\/player.vimeo.com\/video\/684974626?h=c739c3a34d&amp;dnt=1&amp;app_id=122963\" width=\"900\" height=\"506\" frameborder=\"0\" allow=\"autoplay; fullscreen; picture-in-picture\" allowfullscreen><\/iframe><\/div>\n<\/div><\/figure>\n\n\n\n<figure class=\"wp-block-embed-vimeo wp-block-embed is-type-video is-provider-vimeo wp-embed-aspect-16-9 wp-has-aspect-ratio\"><div class=\"wp-block-embed__wrapper\">\n<div class=\"jetpack-video-wrapper\"><iframe loading=\"lazy\" title=\"akv_2\" src=\"https:\/\/player.vimeo.com\/video\/685342985?h=01d55fa3a9&amp;dnt=1&amp;app_id=122963\" width=\"900\" height=\"506\" frameborder=\"0\" allow=\"autoplay; fullscreen; picture-in-picture\" allowfullscreen><\/iframe><\/div>\n<\/div><\/figure>\n\n\n\n<figure class=\"wp-block-embed-vimeo wp-block-embed is-type-video is-provider-vimeo wp-embed-aspect-16-9 wp-has-aspect-ratio\"><div class=\"wp-block-embed__wrapper\">\n<div class=\"jetpack-video-wrapper\"><iframe loading=\"lazy\" title=\"akv_3\" src=\"https:\/\/player.vimeo.com\/video\/685347725?h=360bdd205b&amp;dnt=1&amp;app_id=122963\" width=\"900\" height=\"506\" frameborder=\"0\" allow=\"autoplay; fullscreen; picture-in-picture\" allowfullscreen><\/iframe><\/div>\n<\/div><\/figure>\n\n\n\n<figure class=\"wp-block-embed-vimeo wp-block-embed is-type-video is-provider-vimeo wp-embed-aspect-16-9 wp-has-aspect-ratio\"><div class=\"wp-block-embed__wrapper\">\n<div class=\"jetpack-video-wrapper\"><iframe loading=\"lazy\" title=\"akv_4\" src=\"https:\/\/player.vimeo.com\/video\/685351271?h=97cea3aa03&amp;dnt=1&amp;app_id=122963\" width=\"900\" height=\"506\" frameborder=\"0\" allow=\"autoplay; fullscreen; picture-in-picture\" allowfullscreen><\/iframe><\/div>\n<\/div><\/figure>\n\n\n\n<figure class=\"wp-block-embed-vimeo wp-block-embed is-type-video is-provider-vimeo wp-embed-aspect-16-9 wp-has-aspect-ratio\"><div class=\"wp-block-embed__wrapper\">\n<div class=\"jetpack-video-wrapper\"><iframe loading=\"lazy\" title=\"DIal&amp;oacute;gusvide&amp;oacute; \/ Dialogue-video\" src=\"https:\/\/player.vimeo.com\/video\/684611867?h=aa098326f8&amp;dnt=1&amp;app_id=122963\" width=\"900\" height=\"506\" frameborder=\"0\" allow=\"autoplay; fullscreen; picture-in-picture\" allowfullscreen><\/iframe><\/div>\n<\/div><\/figure>\n\n\n\n<figure class=\"wp-block-embed-vimeo wp-block-embed is-type-video is-provider-vimeo wp-embed-aspect-4-3 wp-has-aspect-ratio\"><div class=\"wp-block-embed__wrapper\">\n<div class=\"jetpack-video-wrapper\"><iframe loading=\"lazy\" title=\"Akv&amp;aacute;rium \/ Aquarium  (K.A.S. Gal&amp;eacute;ria)\" src=\"https:\/\/player.vimeo.com\/video\/684639133?h=eb8a276c69&amp;dnt=1&amp;app_id=122963\" width=\"480\" height=\"360\" frameborder=\"0\" allow=\"autoplay; fullscreen; picture-in-picture\" allowfullscreen><\/iframe><\/div>\n<\/div><\/figure>\n\n\n\n<p>Install\u00e1ci\u00f3nkban a t\u00e9r eg\u00e9sz\u00e9t kezelt\u00fck m\u00e9diumk\u00e9nt, a K.A.S. Gal\u00e9ria bels\u0151\u00a0ter\u00e9nek specifikus adotts\u00e1gaib\u00f3l kiindulva akv\u00e1riumm\u00e1 alak\u00edtva \u00e1t azt. A p\u00e1rbesz\u00e9des forma interperszon\u00e1lis, interszubjekt\u00edv ter\u00e9t \u00e9s a nyelvi kommunik\u00e1ci\u00f3 probl\u00e9m\u00e1it hoztuk j\u00e1t\u00e9kba a tudattalan, kollekt\u00edv, non-verb\u00e1lis jelens\u00e9gek fluid k\u00f6zeg\u00e9vel.<\/p>\n\n\n\n<p>A dial\u00f3gusvide\u00f3 a verb\u00e1lis \u00e9s a vizu\u00e1lis nyelv rel\u00e1ci\u00f3j\u00e1t \u00e9s m\u0171k\u00f6d\u00e9s\u00e9t kutatja. Diszkurz\u00edv megnyilv\u00e1nul\u00e1sainkkal azokat a szitu\u00e1ci\u00f3kat \u00e9s helyzeteket keress\u00fck, amikor a besz\u00e9lt nyelv strukt\u00far\u00e1ja megrend\u00fcl, \u00edgy az egyik f\u00e9l egy m\u00e1sfajta meghat\u00e1rozotts\u00e1gba ker\u00fcl \u2013 p\u00e9ld\u00e1ul mert rosszul \u00e9rtette a m\u00e1sikat, ez\u00e1ltal v\u00e9dtelenn\u00e9 \u00e9s zavarodott\u00e1 v\u00e1lik. Egy ilyen momentumra \u2013 amikor egy dial\u00f3gus folyama megbomlik, turbulenss\u00e9 v\u00e1lik vagy elapad; amikor a mag\u00e1b\u00f3l \u00e9rtet\u0151d\u00e9sb\u0151l egy pillanatra kiz\u00f6kken\u00fcnk vagy \u00e9pp kil\u00e1tunk \u2013 egyszerre tekinthet\u00fcnk vakfoltk\u00e9nt, \u00fcres helyk\u00e9nt, esem\u00e9nyk\u00e9nt (mintha \u00e1lomb\u00f3l \u00e9bredn\u00e9nk, vagy \u00e9pp \u00e1lomba t\u00e9rn\u00e9nk).<\/p>\n\n\n\n<p>Ezek foly\u00e1s\u00e1t k\u00f6vett\u00fck az akv\u00e1riumokban l\u00e1that\u00f3 vide\u00f3kban. A vide\u00f3k szerkeszt\u00e9sekor \u2013 egy po\u00e9tikus narrat\u00edv\u00e1t k\u00f6vetve \u2013 a jel\u00f6l\u0151k \u00e9s a jel\u00f6ltek line\u00e1ris szekvencialit\u00e1sa helyett egy omnipervaz\u00edv koherencia; a spont\u00e1n felmer\u00fcl\u0151&nbsp;p\u00e1rhuzamok, anal\u00f3gi\u00e1k \u00e1tmeneti felt\u0171n\u00e9sei \u00e9s megboml\u00e1sai ment\u00e9n haladtunk.<\/p>\n\n\n\n<p>Mint a cseppj\u00e9ben is teljess\u00e9g\u00e9ben jelen l\u00e9v\u0151&nbsp;tenger, az akv\u00e1riumokba z\u00e1rt \u00f3ce\u00e1ni pre- \u00e9s nonverb\u00e1lis \u00e9lm\u00e9ny\u00e9n \u00e1t szeml\u00e9lj\u00fck a jelent\u00e9sk\u00e9pz\u0151d\u00e9s \u00e9s &#8211; felboml\u00e1s \u00e1rap\u00e1ly\u00e1t. \u00cdgy reag\u00e1lunk, a k\u00e9pek \u00e9s a nyelv m\u00e9diuma, a nyelvel\u0151ttes \u00e9s -n\u00e9lk\u00fcli k\u00f6z\u00f6tt ing\u00e1zva, az \u00fcres \/ t\u00falcsordul\u00f3 helyek, illetve jel\u00f6l\u0151k mozg\u00e1saira, fluidit\u00e1s\u00e1ra \u2013 a dial\u00f3gusban ezek szinte teljesen ki\u00fcresednek, az&nbsp;akv\u00e1rium&nbsp;\u00e1gaiban pedig ink\u00e1bb t\u00faltel\u00edt\u0151dnek.<\/p>\n\n\n\n<p>Ez\u00e1ltal pr\u00f3b\u00e1lunk l\u00e9trehozni egy olyan, pillanatnyi benyom\u00e1sokb\u00f3l, eml\u00e9kekb\u0151l, \u00e9rzetekb\u0151l t\u00e1pl\u00e1lkoz\u00f3 turbulens, egyszerre kontemplat\u00edv k\u00f6zeget, ahol mindezeken t\u00fal a l\u00e1togat\u00f3 \u00e9s a t\u00e9r tal\u00e1lkoz\u00e1sa \u2013 mint egy szemiperme\u00e1bilis membr\u00e1n \u2013 is tematiz\u00e1lhat\u00f3, jelent\u00e9steli. A befogad\u00f3i st\u00e1tuszt, az \u00f6n\u00e9rtelmez\u00e9st is j\u00e1t\u00e9kra h\u00edvn\u00e1nk \u00edgy: a passz\u00edv fogyaszt\u00f3, a szemtan\u00fa, a vend\u00e9g, az alkot\u00f3t\u00e1rs, a \u201ehal\u201d, sat. poz\u00edci\u00f3i k\u00f6z\u00f6tt ingadozva.<\/p>\n\n\n\n<p>Az&nbsp;akv\u00e1rium&nbsp;mikroszinten hordozza mag\u00e1ban azt, amit \u00f3ce\u00e1ninak h\u00edvunk: a hat\u00e1raink annyiban \u00e9s az\u00e1ltal megtart\u00f3k, hogy egyszerre sz\u00fcks\u00e9gk\u00e9ppen \u00e1tereszt\u0151k is.<\/p>\n\n\n\n<p class=\"has-text-align-center\">***<\/p>\n\n\n\n<p>Az akv\u00e1riumban l\u00e1that\u00f3 vide\u00f3kat egy \u00e1ltalunk el\u0151re megkompon\u00e1lt hangs\u00e1vra v\u00e1gtuk egys\u00e9gesen. Ebben a 6\u201940\u201d hossz\u00fas\u00e1g\u00fa zen\u00e9ben egyetlen \u00e9rthet\u0151 mondat hangzik el: menj le a v\u00edz al\u00e1, csak egy kicsit! Erre invit\u00e1ltuk egym\u00e1st, amikor el\u0151sz\u00f6r \u00e9szrevett\u00fck: a virtu\u00e1lis jelenl\u00e9t, az online kapcsol\u00f3d\u00e1s ill\u00fazi\u00f3ja megnehez\u00edti \u00e9s \u00f6sszezavarja k\u00f6zt\u00fcnk a kommunik\u00e1ci\u00f3t ugyan\u00fagy, mint ahogy gyakran az \u00e9l\u0151besz\u00e9d sem el\u00e9g egym\u00e1s meg\u00e9rt\u00e9s\u00e9hez.<\/p>\n\n\n\n<p>Az install\u00e1ci\u00f3ban a dial\u00f3gus nonverb\u00e1lis form\u00e1j\u00e1t v\u00e1lasztottuk, engedve az internet \u00e1ltal megny\u00edlt vizu\u00e1lis inform\u00e1ci\u00f3k \u00e1raml\u00e1s\u00e1nak. A virtu\u00e1lis cseveg\u00e9s platformjai k\u00f6nnyed\u00e9n v\u00e1lhatnak \u201cvet\u00edt\u0151v\u00e1szonn\u00e1\u201d. Az ilyen m\u00f3don megjelen\u0151, zabol\u00e1zatlan, tudattalan tartalmak keretbe foglal\u00e1s\u00e1ra tett\u00fcnk k\u00eds\u00e9rletet. <\/p>\n\n\n\n<p>A t\u00e9v\u00e9ken bemutatott dial\u00f3gusban \u2013 egy m\u00fazeumi arch\u00edvumb\u00f3l sz\u00e1rmaz\u00f3 \u2013 k\u00e9pekkel \u00e9s arcmimik\u00e1val pr\u00f3b\u00e1lunk kapcsolatot teremteni egym\u00e1ssal. Az akv\u00e1riumokban l\u00e1that\u00f3 vide\u00f3k szerkeszt\u00e9sekor ugyanabb\u00f3l a nyersanyagb\u00f3l dolgoztunk mindketten, melyeket k\u00f6z\u00f6s \u00e9lm\u00e9nyek sor\u00e1n r\u00f6gz\u00edtett\u00fcnk, valamint b\u00fav\u00e1rfelv\u00e9teleket is haszn\u00e1ltunk. <\/p>\n\n\n\n<p>4-4 vide\u00f3t hoztunk l\u00e9tre ketten, mely mindkett\u0151nk saj\u00e1t megk\u00f6zel\u00edt\u00e9s\u00e9t t\u00fckr\u00f6zi, ezek v\u00e9letlenszer\u0171 sorrendben lej\u00e1tszva l\u00e1that\u00f3k az akv\u00e1riumokban. Az \u00fcvegfalak transzparenci\u00e1ja egyszerre \u00f6sszefogja \u00e9s megtartja a k\u00e9pek \u00e1raml\u00e1s\u00e1t, a nagyobb akv\u00e1riumban, ami a (gal\u00e9ria)t\u00e9r maga, egyszerre vagyunk bel\u00fcl \u00e9s k\u00edv\u00fcl, v\u00e9dett \u00e9s v\u00e9dtelen \u00e1llapotban.<\/p>\n\n\n\n<p><em>A hangt\u00e9r \/ zene l\u00e9trehoz\u00e1s\u00e1ban rajtunk k\u00edv\u00fcl Bodn\u00e1r J\u00e1nos Krist\u00f3f is r\u00e9szt vett, a v\u00e9gleges v\u00e1ltozatot&nbsp;\u0151&nbsp;keverte \u00e9s masterelte.<\/em><\/p>\n\n\n\n<p><em>Az akv\u00e1riumokat \u00c1d\u00e1m Istv\u00e1nt\u00f3l kaptuk. @Akv\u00e1rium&nbsp;Padl\u00e1s<\/em><\/p>\n\n\n\n<p><em>K\u00f6sz\u00f6nettel tartozunk&nbsp;\u0150rsi Ferencnek a m\u00e9lytengeri felv\u00e9telek\u00e9rt, Vars\u00e1nyi Andr\u00e1snak a monitorok\u00e9rt, Libel R\u00f3bertnek a dial\u00f3gusvide\u00f3k f\u00e9nyel\u00e9s\u00e9\u00e9rt, Herczeg Tam\u00e1snak a technikai \u00e9s az install\u00e1l\u00e1sban val\u00f3 k\u00f6zrem\u0171k\u00f6d\u00e9s\u00e9\u00e9rt!&nbsp;<a rel=\"noreferrer noopener\" href=\"https:\/\/www.facebook.com\/tamas.herczeg.311\" target=\"_blank\">https:\/\/www.facebook.com\/tamas.herczeg.311<\/a><\/em><\/p>\n\n\n\n<figure class=\"wp-block-embed-vimeo wp-block-embed is-type-video is-provider-vimeo wp-embed-aspect-16-9 wp-has-aspect-ratio\"><div class=\"wp-block-embed__wrapper\">\n<div class=\"jetpack-video-wrapper\"><iframe loading=\"lazy\" title=\"AKV&amp;Aacute;RIUM performansz trailer\" src=\"https:\/\/player.vimeo.com\/video\/676114389?h=7f96c300fe&amp;dnt=1&amp;app_id=122963\" width=\"900\" height=\"506\" frameborder=\"0\" allow=\"autoplay; fullscreen; picture-in-picture\" allowfullscreen><\/iframe><\/div>\n<\/div><\/figure>\n\n\n\n<figure class=\"wp-block-embed-vimeo wp-block-embed is-type-video is-provider-vimeo wp-embed-aspect-16-9 wp-has-aspect-ratio\"><div class=\"wp-block-embed__wrapper\">\n<div class=\"jetpack-video-wrapper\"><iframe loading=\"lazy\" title=\"AKV&amp;Aacute;RIUM performansz\" src=\"https:\/\/player.vimeo.com\/video\/676110260?h=6114535c29&amp;dnt=1&amp;app_id=122963\" width=\"900\" height=\"506\" frameborder=\"0\" allow=\"autoplay; fullscreen; picture-in-picture\" allowfullscreen><\/iframe><\/div>\n<\/div><\/figure>\n\n\n\n<figure class=\"wp-block-embed-vimeo wp-block-embed is-type-video is-provider-vimeo wp-embed-aspect-16-9 wp-has-aspect-ratio\"><div class=\"wp-block-embed__wrapper\">\n<div class=\"jetpack-video-wrapper\"><iframe loading=\"lazy\" title=\"\u0150sleveskonzerv\" src=\"https:\/\/player.vimeo.com\/video\/667780013?h=ddfb091ff2&amp;dnt=1&amp;app_id=122963\" width=\"900\" height=\"506\" frameborder=\"0\" allow=\"autoplay; fullscreen; picture-in-picture\" allowfullscreen><\/iframe><\/div>\n<\/div><\/figure>\n","protected":false},"excerpt":{"rendered":"<p>Freund \u00c9va \u2013 P\u00e9ter Szabina:&nbsp;AKV\u00c1RIUM 2021, K.A.S. Gal\u00e9ria, helyspecifikus multimedi\u00e1lis install\u00e1ci\u00f3 Install\u00e1ci\u00f3nkban a t\u00e9r eg\u00e9sz\u00e9t kezelt\u00fck m\u00e9diumk\u00e9nt, a K.A.S. Gal\u00e9ria bels\u0151\u00a0ter\u00e9nek specifikus adotts\u00e1gaib\u00f3l kiindulva akv\u00e1riumm\u00e1 alak\u00edtva \u00e1t azt. A p\u00e1rbesz\u00e9des forma interperszon\u00e1lis, interszubjekt\u00edv ter\u00e9t \u00e9s a nyelvi kommunik\u00e1ci\u00f3 probl\u00e9m\u00e1it hoztuk j\u00e1t\u00e9kba a tudattalan, kollekt\u00edv, non-verb\u00e1lis jelens\u00e9gek fluid k\u00f6zeg\u00e9vel. A dial\u00f3gusvide\u00f3 a verb\u00e1lis \u00e9s a vizu\u00e1lis [&hellip;]<\/p>\n","protected":false},"author":1,"featured_media":1575,"comment_status":"closed","ping_status":"closed","sticky":false,"template":"","format":"standard","meta":{"_jetpack_memberships_contains_paid_content":false,"footnotes":""},"categories":[21,8,7],"tags":[131],"class_list":["post-1573","post","type-post","status-publish","format-standard","has-post-thumbnail","hentry","category-installacio","category-kooperacio","category-video","tag-2021-2"],"jetpack_featured_media_url":"https:\/\/peterszabina.com\/wp-content\/uploads\/2022\/03\/Szabina_akv\u00e1rium1.00_20_10_11.Still003.jpg","jetpack_sharing_enabled":true,"jetpack-related-posts":[],"_links":{"self":[{"href":"https:\/\/peterszabina.com\/hu\/wp-json\/wp\/v2\/posts\/1573","targetHints":{"allow":["GET"]}}],"collection":[{"href":"https:\/\/peterszabina.com\/hu\/wp-json\/wp\/v2\/posts"}],"about":[{"href":"https:\/\/peterszabina.com\/hu\/wp-json\/wp\/v2\/types\/post"}],"author":[{"embeddable":true,"href":"https:\/\/peterszabina.com\/hu\/wp-json\/wp\/v2\/users\/1"}],"replies":[{"embeddable":true,"href":"https:\/\/peterszabina.com\/hu\/wp-json\/wp\/v2\/comments?post=1573"}],"version-history":[{"count":10,"href":"https:\/\/peterszabina.com\/hu\/wp-json\/wp\/v2\/posts\/1573\/revisions"}],"predecessor-version":[{"id":1595,"href":"https:\/\/peterszabina.com\/hu\/wp-json\/wp\/v2\/posts\/1573\/revisions\/1595"}],"wp:featuredmedia":[{"embeddable":true,"href":"https:\/\/peterszabina.com\/hu\/wp-json\/wp\/v2\/media\/1575"}],"wp:attachment":[{"href":"https:\/\/peterszabina.com\/hu\/wp-json\/wp\/v2\/media?parent=1573"}],"wp:term":[{"taxonomy":"category","embeddable":true,"href":"https:\/\/peterszabina.com\/hu\/wp-json\/wp\/v2\/categories?post=1573"},{"taxonomy":"post_tag","embeddable":true,"href":"https:\/\/peterszabina.com\/hu\/wp-json\/wp\/v2\/tags?post=1573"}],"curies":[{"name":"wp","href":"https:\/\/api.w.org\/{rel}","templated":true}]}}